{"id":3785,"date":"2025-11-05T16:39:22","date_gmt":"2025-11-05T15:39:22","guid":{"rendered":"https:\/\/www.ellenafuneralcar.com\/?p=3785"},"modified":"2025-11-06T15:12:32","modified_gmt":"2025-11-06T14:12:32","slug":"ellena-srl-partecipe-a-funeraire-2025-2","status":"publish","type":"post","link":"https:\/\/www.ellenafuneralcar.com\/fr\/ellena-srl-partecipe-a-funeraire-2025-2\/","title":{"rendered":"Ellena Srl partecipe \u00e0 Fun\u00e9raire 2025"},"content":{"rendered":"\n<h2 class=\"wp-block-heading\">Fun\u00e9raire Paris est l\u2019\u00e9v\u00e9nement bisannuel des professionnels du secteur fun\u00e9raire, combinant \u00e9v\u00e9nements, conf\u00e9rences et remises de prix.<\/h2>\n\n\n\n<p><\/p>\n\n\n\n<p>Fun\u00e9raire Paris : salon professionnel pr\u00e9sentant les derni\u00e8res innovations du secteur fun\u00e9raire et cimeti\u00e8re, o\u00f9 se r\u00e9unissent les professionnels du secteur pour pr\u00e9senter et d\u00e9couvrir les nouvelles tendances du march\u00e9.<\/p>\n\n\n\n<p>Il se tiendra les 19, 20 et 21 novembre 2025 au Parc des Expositions du Bourget \u00e0 Paris.<\/p>\n\n\n\n<p>Ellena Srl sera ravie de rencontrer tous les professionnels du secteur sur le stand F42.<\/p>\n\n\n\n<p><\/p>\n\n\n\n<p>Pour plus d&rsquo;informations : <a href=\"https:\/\/www.salon-funeraire.com\/moteur-de-recherche\/exposants.htm\">https:\/\/www.salon-funeraire.com\/moteur-de-recherche\/exposants.htm<\/a><\/p>\n\n\n\n<p><\/p>\n\n\n\n<p>Comment s&rsquo;y rendre : <a href=\"https:\/\/www.salon-funeraire.com\/nbsp.htm\" target=\"_blank\" rel=\"noreferrer noopener\">https:\/\/www.salon-funeraire.com\/nbsp.htm<\/a><\/p>\n\n\n\n<p><\/p>\n","protected":false},"excerpt":{"rendered":"<p>Ellena Srl participera \u00e0 Fun\u00e9raire Paris 2025, le salon professionnel des pompes fun\u00e8bres et des cimeti\u00e8res qui se tiendra \u00e0 Paris Le Bourget les 19, 20 et 21 novembre 2025.<\/p>\n","protected":false},"author":2,"featured_media":8205,"comment_status":"closed","ping_status":"closed","sticky":false,"template":"","format":"standard","meta":{"footnotes":""},"categories":[24],"tags":[],"class_list":["post-3785","post","type-post","status-publish","format-standard","has-post-thumbnail","hentry","category-non-classifiee"],"_links":{"self":[{"href":"https:\/\/www.ellenafuneralcar.com\/fr\/wp-json\/wp\/v2\/posts\/3785","targetHints":{"allow":["GET"]}}],"collection":[{"href":"https:\/\/www.ellenafuneralcar.com\/fr\/wp-json\/wp\/v2\/posts"}],"about":[{"href":"https:\/\/www.ellenafuneralcar.com\/fr\/wp-json\/wp\/v2\/types\/post"}],"author":[{"embeddable":true,"href":"https:\/\/www.ellenafuneralcar.com\/fr\/wp-json\/wp\/v2\/users\/2"}],"replies":[{"embeddable":true,"href":"https:\/\/www.ellenafuneralcar.com\/fr\/wp-json\/wp\/v2\/comments?post=3785"}],"version-history":[{"count":10,"href":"https:\/\/www.ellenafuneralcar.com\/fr\/wp-json\/wp\/v2\/posts\/3785\/revisions"}],"predecessor-version":[{"id":8218,"href":"https:\/\/www.ellenafuneralcar.com\/fr\/wp-json\/wp\/v2\/posts\/3785\/revisions\/8218"}],"wp:featuredmedia":[{"embeddable":true,"href":"https:\/\/www.ellenafuneralcar.com\/fr\/wp-json\/wp\/v2\/media\/8205"}],"wp:attachment":[{"href":"https:\/\/www.ellenafuneralcar.com\/fr\/wp-json\/wp\/v2\/media?parent=3785"}],"wp:term":[{"taxonomy":"category","embeddable":true,"href":"https:\/\/www.ellenafuneralcar.com\/fr\/wp-json\/wp\/v2\/categories?post=3785"},{"taxonomy":"post_tag","embeddable":true,"href":"https:\/\/www.ellenafuneralcar.com\/fr\/wp-json\/wp\/v2\/tags?post=3785"}],"curies":[{"name":"wp","href":"https:\/\/api.w.org\/{rel}","templated":true}]}}